{"id":769,"date":"2023-10-13T12:55:47","date_gmt":"2023-10-13T12:55:47","guid":{"rendered":"https:\/\/www.anglobal.co.ao\/anglobal-preve-instalar-energia-solar-nas-zonas-carenciadas\/"},"modified":"2023-10-13T12:55:47","modified_gmt":"2023-10-13T12:55:47","slug":"anglobal-preve-instalar-energia-solar-nas-zonas-carenciadas","status":"publish","type":"post","link":"https:\/\/www.anglobal.co.ao\/en\/anglobal-preve-instalar-energia-solar-nas-zonas-carenciadas\/","title":{"rendered":"Anglobal prev\u00ea instalar energia solar nas zonas carenciadas"},"content":{"rendered":"<h2 id=\"w-node-b57f8eed-8f32-f03a-37a7-63a943a25dea-5d683527\" class=\"article-card-header-2 article-lead\">\u201cNeste momento a Anglobal instalou solu\u00e7\u00f5es energ\u00e9ticas privadas que v\u00e3o de 260 a 700 quilowatts. Tamb\u00e9m est\u00e1 a ser implementada uma solu\u00e7\u00e3o de 1,2 megawatt\u201d.<\/h2>\n<p>A Anglobal perspectiva o desenvolvimento de sistema de energia solar aut\u00f3nomo (off-grid) nas zonas populacionais carenciadas de electricidade, afirmou o director s\u00e9nior comercial e marketing, Manuel Cal\u00e7ada, em declara\u00e7\u00f5es recentes \u00e0 E&amp;M.<\/p>\n<p>O quadro s\u00e9nior da empresa nacional de engenharia, voltada ao sector das telecomunica\u00e7\u00f5es e energias, assegurou que j\u00e1 existem projectos espec\u00edficos para electrificar as regi\u00f5es onde a rede nacional de distribui\u00e7\u00e3o el\u00e9ctrica n\u00e3o chega.<\/p>\n<p>\u201cNeste momento a Anglobal instalou solu\u00e7\u00f5es energ\u00e9ticas privadas que v\u00e3o de 260 a 700 quilowatts. Tamb\u00e9m est\u00e1 a ser implementada uma solu\u00e7\u00e3o de 1,2 megawatt\u201d, disse Manuel Cal\u00e7ada, quando representava aquela empresa na 38\u00aa edi\u00e7\u00e3o da Feira Internacional de Luanda (FILDA-2023), realizada de 18 a 22 de Julho de 2023.<\/p>\n<p>A sociedade constitu\u00edda em 2003, que iniciou com o sistema de energias renov\u00e1veis para solu\u00e7\u00f5es de efici\u00eancia energ\u00e9tica, destinadas aos operadores de telecomunica\u00e7\u00f5es, tem como principal cliente a ind\u00fastria.<\/p>\n<p>\u201cH\u00e1 muitas organiza\u00e7\u00f5es que come\u00e7am a se preparar para deixar a depend\u00eancia total da energia f\u00f3ssil, principalmente a ind\u00fastria transformadora\u201d, afirmou Manuel Cal\u00e7ada, alegando mais adiante que j\u00e1 existem estabelecimentos de ensino a consumir energia solar.<\/p>\n<p>Quanto \u00e0 expans\u00e3o do neg\u00f3cio, Anglobal, avan\u00e7ou, est\u00e1 presente nas 18 prov\u00edncias e internacionalmente em Cabo Verde, onde tem infra-estruturas no \u00e2mbito das energias renov\u00e1veis (parques solares) em tr\u00eas ilhas do arquip\u00e9lago lus\u00f3fono.<br \/>\n<a href=\"https:\/\/www.economiaemercado.co.ao\/artigo\/anglobal-preve-instalar-energia-solar-nas-zonas-carenciadas\">Anglobal prev\u00ea instalar energia solar nas zonas carenciadas (economiaemercado.co.ao)<\/a><br \/>\n<strong>Data:26\/07\/2023<br \/>\nFonte: Economia e Mercado<\/strong><\/p>\n","protected":false},"excerpt":{"rendered":"<p>\u201cNeste momento a Anglobal instalou solu\u00e7\u00f5es energ\u00e9ticas privadas que v\u00e3o de 260 a 700 quilowatts. Tamb\u00e9m est\u00e1 a ser implementada uma solu\u00e7\u00e3o de 1,2 megawatt\u201d. A Anglobal perspectiva o desenvolvimento de sistema de energia solar aut\u00f3nomo (off-grid) nas zonas populacionais carenciadas de electricidade, afirmou o director s\u00e9nior comercial e marketing, Manuel Cal\u00e7ada, em declara\u00e7\u00f5es recentes [&#8230;]<\/p>\n<p><a class=\"btn btn-secondary understrap-read-more-link\" href=\"https:\/\/www.anglobal.co.ao\/en\/anglobal-preve-instalar-energia-solar-nas-zonas-carenciadas\/\">Read More&#8230;<span class=\"screen-reader-text\"> from Anglobal prev\u00ea instalar energia solar nas zonas carenciadas<\/span><\/a><\/p>\n","protected":false},"author":2,"featured_media":388,"comment_status":"closed","ping_status":"closed","sticky":false,"template":"","format":"standard","meta":{"_acf_changed":false,"inline_featured_image":false,"footnotes":""},"categories":[3],"tags":[],"class_list":["post-769","post","type-post","status-publish","format-standard","has-post-thumbnail","hentry","category-uncategorized"],"acf":[],"yoast_head":"<!-- This site is optimized with the Yoast SEO plugin v25.4 - https:\/\/yoast.com\/wordpress\/plugins\/seo\/ -->\n<title>Anglobal prev\u00ea instalar energia solar nas zonas carenciadas - ANGLOBAL<\/title>\n<meta name=\"robots\" content=\"index, follow, max-snippet:-1, max-image-preview:large, max-video-preview:-1\" \/>\n<link rel=\"canonical\" href=\"https:\/\/www.anglobal.co.ao\/en\/anglobal-preve-instalar-energia-solar-nas-zonas-carenciadas\/\" \/>\n<meta property=\"og:locale\" content=\"en_US\" \/>\n<meta property=\"og:type\" content=\"article\" \/>\n<meta property=\"og:title\" content=\"Anglobal prev\u00ea instalar energia solar nas zonas carenciadas - ANGLOBAL\" \/>\n<meta property=\"og:description\" content=\"\u201cNeste momento a Anglobal instalou solu\u00e7\u00f5es energ\u00e9ticas privadas que v\u00e3o de 260 a 700 quilowatts. Tamb\u00e9m est\u00e1 a ser implementada uma solu\u00e7\u00e3o de 1,2 megawatt\u201d. A Anglobal perspectiva o desenvolvimento de sistema de energia solar aut\u00f3nomo (off-grid) nas zonas populacionais carenciadas de electricidade, afirmou o director s\u00e9nior comercial e marketing, Manuel Cal\u00e7ada, em declara\u00e7\u00f5es recentes [...]Read More... from Anglobal prev\u00ea instalar energia solar nas zonas carenciadas\" \/>\n<meta property=\"og:url\" content=\"https:\/\/www.anglobal.co.ao\/en\/anglobal-preve-instalar-energia-solar-nas-zonas-carenciadas\/\" \/>\n<meta property=\"og:site_name\" content=\"ANGLOBAL\" \/>\n<meta property=\"article:published_time\" content=\"2023-10-13T12:55:47+00:00\" \/>\n<meta name=\"author\" content=\"SITE-PT\" \/>\n<meta name=\"twitter:card\" content=\"summary_large_image\" \/>\n<meta name=\"twitter:label1\" content=\"Written by\" \/>\n\t<meta name=\"twitter:data1\" content=\"SITE-PT\" \/>\n\t<meta name=\"twitter:label2\" content=\"Est. reading time\" \/>\n\t<meta name=\"twitter:data2\" content=\"1 minute\" \/>\n<script type=\"application\/ld+json\" class=\"yoast-schema-graph\">{\"@context\":\"https:\/\/schema.org\",\"@graph\":[{\"@type\":\"Article\",\"@id\":\"https:\/\/www.anglobal.co.ao\/en\/anglobal-preve-instalar-energia-solar-nas-zonas-carenciadas\/#article\",\"isPartOf\":{\"@id\":\"https:\/\/www.anglobal.co.ao\/en\/anglobal-preve-instalar-energia-solar-nas-zonas-carenciadas\/\"},\"author\":{\"name\":\"SITE-PT\",\"@id\":\"https:\/\/www.anglobal.co.ao\/#\/schema\/person\/2dc60a153e549db0d898c5334accf729\"},\"headline\":\"Anglobal prev\u00ea instalar energia solar nas zonas carenciadas\",\"datePublished\":\"2023-10-13T12:55:47+00:00\",\"mainEntityOfPage\":{\"@id\":\"https:\/\/www.anglobal.co.ao\/en\/anglobal-preve-instalar-energia-solar-nas-zonas-carenciadas\/\"},\"wordCount\":295,\"publisher\":{\"@id\":\"https:\/\/www.anglobal.co.ao\/#organization\"},\"image\":{\"@id\":\"https:\/\/www.anglobal.co.ao\/en\/anglobal-preve-instalar-energia-solar-nas-zonas-carenciadas\/#primaryimage\"},\"thumbnailUrl\":\"https:\/\/www.anglobal.co.ao\/wp-content\/uploads\/2023\/10\/64c025f28aecccb7ca01f7ee_ENERGIA-SOLAR-p-500.jpeg\",\"inLanguage\":\"en-US\"},{\"@type\":\"WebPage\",\"@id\":\"https:\/\/www.anglobal.co.ao\/en\/anglobal-preve-instalar-energia-solar-nas-zonas-carenciadas\/\",\"url\":\"https:\/\/www.anglobal.co.ao\/en\/anglobal-preve-instalar-energia-solar-nas-zonas-carenciadas\/\",\"name\":\"Anglobal prev\u00ea instalar energia solar nas zonas carenciadas - ANGLOBAL\",\"isPartOf\":{\"@id\":\"https:\/\/www.anglobal.co.ao\/#website\"},\"primaryImageOfPage\":{\"@id\":\"https:\/\/www.anglobal.co.ao\/en\/anglobal-preve-instalar-energia-solar-nas-zonas-carenciadas\/#primaryimage\"},\"image\":{\"@id\":\"https:\/\/www.anglobal.co.ao\/en\/anglobal-preve-instalar-energia-solar-nas-zonas-carenciadas\/#primaryimage\"},\"thumbnailUrl\":\"https:\/\/www.anglobal.co.ao\/wp-content\/uploads\/2023\/10\/64c025f28aecccb7ca01f7ee_ENERGIA-SOLAR-p-500.jpeg\",\"datePublished\":\"2023-10-13T12:55:47+00:00\",\"breadcrumb\":{\"@id\":\"https:\/\/www.anglobal.co.ao\/en\/anglobal-preve-instalar-energia-solar-nas-zonas-carenciadas\/#breadcrumb\"},\"inLanguage\":\"en-US\",\"potentialAction\":[{\"@type\":\"ReadAction\",\"target\":[\"https:\/\/www.anglobal.co.ao\/en\/anglobal-preve-instalar-energia-solar-nas-zonas-carenciadas\/\"]}]},{\"@type\":\"ImageObject\",\"inLanguage\":\"en-US\",\"@id\":\"https:\/\/www.anglobal.co.ao\/en\/anglobal-preve-instalar-energia-solar-nas-zonas-carenciadas\/#primaryimage\",\"url\":\"https:\/\/www.anglobal.co.ao\/wp-content\/uploads\/2023\/10\/64c025f28aecccb7ca01f7ee_ENERGIA-SOLAR-p-500.jpeg\",\"contentUrl\":\"https:\/\/www.anglobal.co.ao\/wp-content\/uploads\/2023\/10\/64c025f28aecccb7ca01f7ee_ENERGIA-SOLAR-p-500.jpeg\",\"width\":500,\"height\":333},{\"@type\":\"BreadcrumbList\",\"@id\":\"https:\/\/www.anglobal.co.ao\/en\/anglobal-preve-instalar-energia-solar-nas-zonas-carenciadas\/#breadcrumb\",\"itemListElement\":[{\"@type\":\"ListItem\",\"position\":1,\"name\":\"Home\",\"item\":\"https:\/\/www.anglobal.co.ao\/en\/\"},{\"@type\":\"ListItem\",\"position\":2,\"name\":\"Anglobal prev\u00ea instalar energia solar nas zonas carenciadas\"}]},{\"@type\":\"WebSite\",\"@id\":\"https:\/\/www.anglobal.co.ao\/#website\",\"url\":\"https:\/\/www.anglobal.co.ao\/\",\"name\":\"ANGLOBAL\",\"description\":\"Solu\u00e7\u00f5es Inovadoras\",\"publisher\":{\"@id\":\"https:\/\/www.anglobal.co.ao\/#organization\"},\"potentialAction\":[{\"@type\":\"SearchAction\",\"target\":{\"@type\":\"EntryPoint\",\"urlTemplate\":\"https:\/\/www.anglobal.co.ao\/?s={search_term_string}\"},\"query-input\":{\"@type\":\"PropertyValueSpecification\",\"valueRequired\":true,\"valueName\":\"search_term_string\"}}],\"inLanguage\":\"en-US\"},{\"@type\":\"Organization\",\"@id\":\"https:\/\/www.anglobal.co.ao\/#organization\",\"name\":\"ANGLOBAL\",\"url\":\"https:\/\/www.anglobal.co.ao\/\",\"logo\":{\"@type\":\"ImageObject\",\"inLanguage\":\"en-US\",\"@id\":\"https:\/\/www.anglobal.co.ao\/#\/schema\/logo\/image\/\",\"url\":\"https:\/\/www.anglobal.co.ao\/wp-content\/uploads\/2023\/07\/anglobal-logo-topo.png\",\"contentUrl\":\"https:\/\/www.anglobal.co.ao\/wp-content\/uploads\/2023\/07\/anglobal-logo-topo.png\",\"width\":235,\"height\":74,\"caption\":\"ANGLOBAL\"},\"image\":{\"@id\":\"https:\/\/www.anglobal.co.ao\/#\/schema\/logo\/image\/\"}},{\"@type\":\"Person\",\"@id\":\"https:\/\/www.anglobal.co.ao\/#\/schema\/person\/2dc60a153e549db0d898c5334accf729\",\"name\":\"SITE-PT\"}]}<\/script>\n<!-- \/ Yoast SEO plugin. -->","yoast_head_json":{"title":"Anglobal prev\u00ea instalar energia solar nas zonas carenciadas - ANGLOBAL","robots":{"index":"index","follow":"follow","max-snippet":"max-snippet:-1","max-image-preview":"max-image-preview:large","max-video-preview":"max-video-preview:-1"},"canonical":"https:\/\/www.anglobal.co.ao\/en\/anglobal-preve-instalar-energia-solar-nas-zonas-carenciadas\/","og_locale":"en_US","og_type":"article","og_title":"Anglobal prev\u00ea instalar energia solar nas zonas carenciadas - ANGLOBAL","og_description":"\u201cNeste momento a Anglobal instalou solu\u00e7\u00f5es energ\u00e9ticas privadas que v\u00e3o de 260 a 700 quilowatts. Tamb\u00e9m est\u00e1 a ser implementada uma solu\u00e7\u00e3o de 1,2 megawatt\u201d. A Anglobal perspectiva o desenvolvimento de sistema de energia solar aut\u00f3nomo (off-grid) nas zonas populacionais carenciadas de electricidade, afirmou o director s\u00e9nior comercial e marketing, Manuel Cal\u00e7ada, em declara\u00e7\u00f5es recentes [...]Read More... from Anglobal prev\u00ea instalar energia solar nas zonas carenciadas","og_url":"https:\/\/www.anglobal.co.ao\/en\/anglobal-preve-instalar-energia-solar-nas-zonas-carenciadas\/","og_site_name":"ANGLOBAL","article_published_time":"2023-10-13T12:55:47+00:00","author":"SITE-PT","twitter_card":"summary_large_image","twitter_misc":{"Written by":"SITE-PT","Est. reading time":"1 minute"},"schema":{"@context":"https:\/\/schema.org","@graph":[{"@type":"Article","@id":"https:\/\/www.anglobal.co.ao\/en\/anglobal-preve-instalar-energia-solar-nas-zonas-carenciadas\/#article","isPartOf":{"@id":"https:\/\/www.anglobal.co.ao\/en\/anglobal-preve-instalar-energia-solar-nas-zonas-carenciadas\/"},"author":{"name":"SITE-PT","@id":"https:\/\/www.anglobal.co.ao\/#\/schema\/person\/2dc60a153e549db0d898c5334accf729"},"headline":"Anglobal prev\u00ea instalar energia solar nas zonas carenciadas","datePublished":"2023-10-13T12:55:47+00:00","mainEntityOfPage":{"@id":"https:\/\/www.anglobal.co.ao\/en\/anglobal-preve-instalar-energia-solar-nas-zonas-carenciadas\/"},"wordCount":295,"publisher":{"@id":"https:\/\/www.anglobal.co.ao\/#organization"},"image":{"@id":"https:\/\/www.anglobal.co.ao\/en\/anglobal-preve-instalar-energia-solar-nas-zonas-carenciadas\/#primaryimage"},"thumbnailUrl":"https:\/\/www.anglobal.co.ao\/wp-content\/uploads\/2023\/10\/64c025f28aecccb7ca01f7ee_ENERGIA-SOLAR-p-500.jpeg","inLanguage":"en-US"},{"@type":"WebPage","@id":"https:\/\/www.anglobal.co.ao\/en\/anglobal-preve-instalar-energia-solar-nas-zonas-carenciadas\/","url":"https:\/\/www.anglobal.co.ao\/en\/anglobal-preve-instalar-energia-solar-nas-zonas-carenciadas\/","name":"Anglobal prev\u00ea instalar energia solar nas zonas carenciadas - ANGLOBAL","isPartOf":{"@id":"https:\/\/www.anglobal.co.ao\/#website"},"primaryImageOfPage":{"@id":"https:\/\/www.anglobal.co.ao\/en\/anglobal-preve-instalar-energia-solar-nas-zonas-carenciadas\/#primaryimage"},"image":{"@id":"https:\/\/www.anglobal.co.ao\/en\/anglobal-preve-instalar-energia-solar-nas-zonas-carenciadas\/#primaryimage"},"thumbnailUrl":"https:\/\/www.anglobal.co.ao\/wp-content\/uploads\/2023\/10\/64c025f28aecccb7ca01f7ee_ENERGIA-SOLAR-p-500.jpeg","datePublished":"2023-10-13T12:55:47+00:00","breadcrumb":{"@id":"https:\/\/www.anglobal.co.ao\/en\/anglobal-preve-instalar-energia-solar-nas-zonas-carenciadas\/#breadcrumb"},"inLanguage":"en-US","potentialAction":[{"@type":"ReadAction","target":["https:\/\/www.anglobal.co.ao\/en\/anglobal-preve-instalar-energia-solar-nas-zonas-carenciadas\/"]}]},{"@type":"ImageObject","inLanguage":"en-US","@id":"https:\/\/www.anglobal.co.ao\/en\/anglobal-preve-instalar-energia-solar-nas-zonas-carenciadas\/#primaryimage","url":"https:\/\/www.anglobal.co.ao\/wp-content\/uploads\/2023\/10\/64c025f28aecccb7ca01f7ee_ENERGIA-SOLAR-p-500.jpeg","contentUrl":"https:\/\/www.anglobal.co.ao\/wp-content\/uploads\/2023\/10\/64c025f28aecccb7ca01f7ee_ENERGIA-SOLAR-p-500.jpeg","width":500,"height":333},{"@type":"BreadcrumbList","@id":"https:\/\/www.anglobal.co.ao\/en\/anglobal-preve-instalar-energia-solar-nas-zonas-carenciadas\/#breadcrumb","itemListElement":[{"@type":"ListItem","position":1,"name":"Home","item":"https:\/\/www.anglobal.co.ao\/en\/"},{"@type":"ListItem","position":2,"name":"Anglobal prev\u00ea instalar energia solar nas zonas carenciadas"}]},{"@type":"WebSite","@id":"https:\/\/www.anglobal.co.ao\/#website","url":"https:\/\/www.anglobal.co.ao\/","name":"ANGLOBAL","description":"Solu\u00e7\u00f5es Inovadoras","publisher":{"@id":"https:\/\/www.anglobal.co.ao\/#organization"},"potentialAction":[{"@type":"SearchAction","target":{"@type":"EntryPoint","urlTemplate":"https:\/\/www.anglobal.co.ao\/?s={search_term_string}"},"query-input":{"@type":"PropertyValueSpecification","valueRequired":true,"valueName":"search_term_string"}}],"inLanguage":"en-US"},{"@type":"Organization","@id":"https:\/\/www.anglobal.co.ao\/#organization","name":"ANGLOBAL","url":"https:\/\/www.anglobal.co.ao\/","logo":{"@type":"ImageObject","inLanguage":"en-US","@id":"https:\/\/www.anglobal.co.ao\/#\/schema\/logo\/image\/","url":"https:\/\/www.anglobal.co.ao\/wp-content\/uploads\/2023\/07\/anglobal-logo-topo.png","contentUrl":"https:\/\/www.anglobal.co.ao\/wp-content\/uploads\/2023\/07\/anglobal-logo-topo.png","width":235,"height":74,"caption":"ANGLOBAL"},"image":{"@id":"https:\/\/www.anglobal.co.ao\/#\/schema\/logo\/image\/"}},{"@type":"Person","@id":"https:\/\/www.anglobal.co.ao\/#\/schema\/person\/2dc60a153e549db0d898c5334accf729","name":"SITE-PT"}]}},"_links":{"self":[{"href":"https:\/\/www.anglobal.co.ao\/en\/wp-json\/wp\/v2\/posts\/769","targetHints":{"allow":["GET"]}}],"collection":[{"href":"https:\/\/www.anglobal.co.ao\/en\/wp-json\/wp\/v2\/posts"}],"about":[{"href":"https:\/\/www.anglobal.co.ao\/en\/wp-json\/wp\/v2\/types\/post"}],"author":[{"embeddable":true,"href":"https:\/\/www.anglobal.co.ao\/en\/wp-json\/wp\/v2\/users\/2"}],"replies":[{"embeddable":true,"href":"https:\/\/www.anglobal.co.ao\/en\/wp-json\/wp\/v2\/comments?post=769"}],"version-history":[{"count":0,"href":"https:\/\/www.anglobal.co.ao\/en\/wp-json\/wp\/v2\/posts\/769\/revisions"}],"wp:featuredmedia":[{"embeddable":true,"href":"https:\/\/www.anglobal.co.ao\/en\/wp-json\/wp\/v2\/media\/388"}],"wp:attachment":[{"href":"https:\/\/www.anglobal.co.ao\/en\/wp-json\/wp\/v2\/media?parent=769"}],"wp:term":[{"taxonomy":"category","embeddable":true,"href":"https:\/\/www.anglobal.co.ao\/en\/wp-json\/wp\/v2\/categories?post=769"},{"taxonomy":"post_tag","embeddable":true,"href":"https:\/\/www.anglobal.co.ao\/en\/wp-json\/wp\/v2\/tags?post=769"}],"curies":[{"name":"wp","href":"https:\/\/api.w.org\/{rel}","templated":true}]}}